{"id":811,"date":"2022-04-08T21:40:53","date_gmt":"2022-04-08T19:40:53","guid":{"rendered":"http:\/\/mindszentykongregacio.hu\/wp\/?p=811"},"modified":"2022-04-08T21:42:13","modified_gmt":"2022-04-08T19:42:13","slug":"mindszenty-j-hercegprimas-imacsoport-zarandut-szervezese-kaposfuredre-szuz-maria-efehusi-hazahoz","status":"publish","type":"post","link":"https:\/\/mindszentykongregacio.hu\/wp\/2022\/04\/08\/mindszenty-j-hercegprimas-imacsoport-zarandut-szervezese-kaposfuredre-szuz-maria-efehusi-hazahoz\/","title":{"rendered":"Mindszenty J. Hercegpr\u00edm\u00e1s Imacsoport Zar\u00e1nd\u00fat szervez\u00e9se Kaposf\u00fcredre, Sz\u0171z M\u00e1ria Efehusi H\u00e1z\u00e1hoz"},"content":{"rendered":"\n<p>Zar\u00e1ndok\u00fat Budapestr\u0151l Kaposf\u00fcredre, Sz\u0171z M\u00e1ria Efezusi H\u00e1z\u00e1hoz.B\u0151vebb inform\u00e1ci\u00f3 <a href=\"https:\/\/www.facebook.com\/erzsebet.bakos.5?__cft__[0]=AZUzZyhlPQ7aytXf1S6mt95naw0HhpgREqK_byJRWK-0v7QyuZnFewpEmgPSWuqH8HvJXJYFt-dURRm3RVvLwWbGcJgyILEVKT5WcSVHHJ3SXpPaRKyf9nUfVTnW8ej2cHjIUnBVeY67lHJRBnUe_LG4pxjcMc3vBOuiW0lya-xvywQRo2jSn1l4Ixs88esamO8&amp;__tn__=-]K-R\">Erzs\u00e9bet Bakos<\/a>: 06 20 458 9513 vagy a 06 30 373 6330 telefonsz\u00e1mon.<\/p>\n","protected":false},"excerpt":{"rendered":"<p>Zar\u00e1ndok\u00fat Budapestr\u0151l Kaposf\u00fcredre, Sz\u0171z M\u00e1ria Efezusi H\u00e1z\u00e1hoz.B\u0151vebb inform\u00e1ci\u00f3 Erzs\u00e9bet Bakos: 06 20 458 9513 vagy a 06 30 373 6330 telefonsz\u00e1mon.<\/p>\n","protected":false},"author":1,"featured_media":813,"comment_status":"open","ping_status":"open","sticky":false,"template":"","format":"standard","meta":{"_price":"","_stock":"","_tribe_ticket_header":"","_tribe_default_ticket_provider":"","_tribe_ticket_capacity":"0","_ticket_start_date":"","_ticket_end_date":"","_tribe_ticket_show_description":"","_tribe_ticket_show_not_going":false,"_tribe_ticket_use_global_stock":"","_tribe_ticket_global_stock_level":"","_global_stock_mode":"","_global_stock_cap":"","_tribe_rsvp_for_event":"","_tribe_ticket_going_count":"","_tribe_ticket_not_going_count":"","_tribe_tickets_list":"[]","_tribe_ticket_has_attendee_info_fields":false,"footnotes":""},"categories":[1],"tags":[],"class_list":["post-811","post","type-post","status-publish","format-standard","has-post-thumbnail","hentry","category-uncategorized"],"_links":{"self":[{"href":"https:\/\/mindszentykongregacio.hu\/wp\/wp-json\/wp\/v2\/posts\/811","targetHints":{"allow":["GET"]}}],"collection":[{"href":"https:\/\/mindszentykongregacio.hu\/wp\/wp-json\/wp\/v2\/posts"}],"about":[{"href":"https:\/\/mindszentykongregacio.hu\/wp\/wp-json\/wp\/v2\/types\/post"}],"author":[{"embeddable":true,"href":"https:\/\/mindszentykongregacio.hu\/wp\/wp-json\/wp\/v2\/users\/1"}],"replies":[{"embeddable":true,"href":"https:\/\/mindszentykongregacio.hu\/wp\/wp-json\/wp\/v2\/comments?post=811"}],"version-history":[{"count":1,"href":"https:\/\/mindszentykongregacio.hu\/wp\/wp-json\/wp\/v2\/posts\/811\/revisions"}],"predecessor-version":[{"id":812,"href":"https:\/\/mindszentykongregacio.hu\/wp\/wp-json\/wp\/v2\/posts\/811\/revisions\/812"}],"wp:featuredmedia":[{"embeddable":true,"href":"https:\/\/mindszentykongregacio.hu\/wp\/wp-json\/wp\/v2\/media\/813"}],"wp:attachment":[{"href":"https:\/\/mindszentykongregacio.hu\/wp\/wp-json\/wp\/v2\/media?parent=811"}],"wp:term":[{"taxonomy":"category","embeddable":true,"href":"https:\/\/mindszentykongregacio.hu\/wp\/wp-json\/wp\/v2\/categories?post=811"},{"taxonomy":"post_tag","embeddable":true,"href":"https:\/\/mindszentykongregacio.hu\/wp\/wp-json\/wp\/v2\/tags?post=811"}],"curies":[{"name":"wp","href":"https:\/\/api.w.org\/{rel}","templated":true}]}}