{"id":720,"date":"2019-10-21T19:01:38","date_gmt":"2019-10-21T17:01:38","guid":{"rendered":"http:\/\/mindszentykongregacio.hu\/wp\/?p=720"},"modified":"2019-10-21T19:03:13","modified_gmt":"2019-10-21T17:03:13","slug":"nemzeti-imanap-es-engeszteles-magyarorszagert","status":"publish","type":"post","link":"https:\/\/mindszentykongregacio.hu\/wp\/2019\/10\/21\/nemzeti-imanap-es-engeszteles-magyarorszagert\/","title":{"rendered":"Nemzeti imanap \u00e9s engesztel\u00e9s Magyarorsz\u00e1g\u00e9rt"},"content":{"rendered":"\n<p>2019. okt\u00f3ber 23-\u00e1n a Mindszenty J. Kongreg\u00e1ci\u00f3, Sz\u0171z M\u00e1ria Efezusi H\u00e1za Kaposf\u00fcreden nemzeti ima- \u00e9s engesztel\u0151 napot hirdet.<\/p>\n\n\n\n<p>Lelkigyakorlat keret\u00e9ben eml\u00e9kez\u00fcnk az 1956-os okt\u00f3beri esem\u00e9nyekre \u00e9s h\u00edvjuk fel a vil\u00e1g magyars\u00e1g\u00e1nak figyelm\u00e9t a nemzeti \u00f6sszefog\u00e1sra, az egy\u00fctt gondolkod\u00e1sra. Vall\u00e1si, politikai hovatartoz\u00e1sra val\u00f3 tekintet n\u00e9lk\u00fcl v\u00e1runk mindenkit szeretettel Magyarorsz\u00e1g \u00e9gi patr\u00f3n\u00e1j\u00e1nak kaposf\u00fcredi h\u00e1z\u00e1ban.<\/p>\n\n\n\n<p>D\u00e9lel\u0151tt 10.00 \u00f3rai kezdettel kereszt\u00fat j\u00e1r\u00e1sa.<\/p>\n\n\n\n<p>12.00 \u00f3rakor \u00fcnnepi lelki gyakorlat \u00e9s szentmise.<\/p>\n\n\n\n<p><\/p>\n","protected":false},"excerpt":{"rendered":"<p>2019. okt\u00f3ber 23-\u00e1n a Mindszenty J. Kongreg\u00e1ci\u00f3, Sz\u0171z M\u00e1ria Efezusi H\u00e1za Kaposf\u00fcreden nemzeti ima- \u00e9s engesztel\u0151 napot hirdet. Lelkigyakorlat keret\u00e9ben eml\u00e9kez\u00fcnk az 1956-os okt\u00f3beri esem\u00e9nyekre \u00e9s h\u00edvjuk fel a vil\u00e1g [&hellip;]<\/p>\n","protected":false},"author":1,"featured_media":721,"comment_status":"open","ping_status":"open","sticky":false,"template":"","format":"standard","meta":{"_price":"","_stock":"","_tribe_ticket_header":"","_tribe_default_ticket_provider":"","_tribe_ticket_capacity":"0","_ticket_start_date":"","_ticket_end_date":"","_tribe_ticket_show_description":"","_tribe_ticket_show_not_going":false,"_tribe_ticket_use_global_stock":"","_tribe_ticket_global_stock_level":"","_global_stock_mode":"","_global_stock_cap":"","_tribe_rsvp_for_event":"","_tribe_ticket_going_count":"","_tribe_ticket_not_going_count":"","_tribe_tickets_list":"[]","_tribe_ticket_has_attendee_info_fields":false,"footnotes":""},"categories":[1],"tags":[],"class_list":["post-720","post","type-post","status-publish","format-standard","has-post-thumbnail","hentry","category-uncategorized"],"_links":{"self":[{"href":"https:\/\/mindszentykongregacio.hu\/wp\/wp-json\/wp\/v2\/posts\/720","targetHints":{"allow":["GET"]}}],"collection":[{"href":"https:\/\/mindszentykongregacio.hu\/wp\/wp-json\/wp\/v2\/posts"}],"about":[{"href":"https:\/\/mindszentykongregacio.hu\/wp\/wp-json\/wp\/v2\/types\/post"}],"author":[{"embeddable":true,"href":"https:\/\/mindszentykongregacio.hu\/wp\/wp-json\/wp\/v2\/users\/1"}],"replies":[{"embeddable":true,"href":"https:\/\/mindszentykongregacio.hu\/wp\/wp-json\/wp\/v2\/comments?post=720"}],"version-history":[{"count":1,"href":"https:\/\/mindszentykongregacio.hu\/wp\/wp-json\/wp\/v2\/posts\/720\/revisions"}],"predecessor-version":[{"id":722,"href":"https:\/\/mindszentykongregacio.hu\/wp\/wp-json\/wp\/v2\/posts\/720\/revisions\/722"}],"wp:featuredmedia":[{"embeddable":true,"href":"https:\/\/mindszentykongregacio.hu\/wp\/wp-json\/wp\/v2\/media\/721"}],"wp:attachment":[{"href":"https:\/\/mindszentykongregacio.hu\/wp\/wp-json\/wp\/v2\/media?parent=720"}],"wp:term":[{"taxonomy":"category","embeddable":true,"href":"https:\/\/mindszentykongregacio.hu\/wp\/wp-json\/wp\/v2\/categories?post=720"},{"taxonomy":"post_tag","embeddable":true,"href":"https:\/\/mindszentykongregacio.hu\/wp\/wp-json\/wp\/v2\/tags?post=720"}],"curies":[{"name":"wp","href":"https:\/\/api.w.org\/{rel}","templated":true}]}}