{"id":680,"date":"2019-07-07T19:57:22","date_gmt":"2019-07-07T17:57:22","guid":{"rendered":"http:\/\/mindszentykongregacio.hu\/wp\/?p=680"},"modified":"2019-07-07T19:57:23","modified_gmt":"2019-07-07T17:57:23","slug":"wittner-maria-ajandeka-kaposfuredre-szuz-maria-efezusi-hazanak","status":"publish","type":"post","link":"https:\/\/mindszentykongregacio.hu\/wp\/2019\/07\/07\/wittner-maria-ajandeka-kaposfuredre-szuz-maria-efezusi-hazanak\/","title":{"rendered":"Wittner M\u00e1ria aj\u00e1nd\u00e9ka Kaposf\u00fcredre, Sz\u0171z M\u00e1ria Efezusi H\u00e1z\u00e1nak"},"content":{"rendered":"\n<p>&#8222;Magyarok Nagyasszonya k\u00f6ny\u00f6r\u00f6gj \u00e9rett\u00fcnk!&#8221; felirat\u00fa z\u00e1szl\u00f3t aj\u00e1nd\u00e9kozott Sz\u0171z M\u00e1ria Efezusi h\u00e1z\u00e1nak Wittner M\u00e1ria, a kaposf\u00fcredi h\u00e1zat gondoz\u00f3 Mindszenty J\u00f3zsef Kongreg\u00e1ci\u00f3nak. Az aj\u00e1nd\u00e9kot a kongreg\u00e1ci\u00f3 eln\u00f6ke Mez\u0151fi Zolt\u00e1n vette \u00e1t.<\/p>\n\n\n\n<p>Wittner M\u00e1ria \u00e9vek \u00f3ta seg\u00edti, t\u00e1mogatja Magyarorsz\u00e1g \u00e9gi patr\u00f3n\u00e1j\u00e1nak kaposf\u00fcredi h\u00e1z\u00e1t. Eur\u00f3p\u00e1ban egyed\u00fcl\u00e1ll\u00f3 m\u00f3don Magyarorsz\u00e1gon, Kaposf\u00fcreden \u00e9p\u00fclt fel T\u00f6r\u00f6k Marcell atya (1942-2016) vezet\u00e9s\u00e9vel \u00e9s t\u00e1mogat\u00f3k seg\u00edts\u00e9g\u00e9vel az efezusi h\u00e1z m\u00e1sa. <\/p>\n\n\n\n<p>Sz\u0171z M\u00e1ria \u00e9lete utols\u00f3 \u00e9veit Efezusban (mai T\u00f6r\u00f6korsz\u00e1g) t\u00f6lt\u00f6tte \u00e9s inn\u00e9t v\u00e9tetett a mennybe, ez\u00e9rt hatalmas jelent\u0151s\u00e9g\u0171, hogy e h\u00e1z m\u00e1solata Eur\u00f3p\u00e1ban, Magyarorsz\u00e1gon megtal\u00e1lhat\u00f3.<\/p>\n\n\n\n<p>A sok viszontags\u00e1g \u00e9s neh\u00e9zs\u00e9g ellen\u00e9re rengeteg zar\u00e1ndok \u00e9rkezik, hogy k\u00f6z\u00f6s im\u00e1val vagy egy\u00e9ni csendes elm\u00e9ly\u00fcl\u00e9ssel gy\u00f3gy\u00edrt tal\u00e1ljanak lelki f\u00e1jdalmaikra vagy k\u00f6sz\u00f6nj\u00e9k meg boldogul\u00e1sukat, \u00f6r\u00f6m\u00fcket. <\/p>\n\n\n\n<p>A Kongreg\u00e1ci\u00f3 nev\u00e9ben Mez\u0151fi Zolt\u00e1n k\u00fcl\u00f6n k\u00f6sz\u00f6net\u00e9t fejezi ki Wittner M\u00e1ri\u00e1nak, hogy az egyetemes magyars\u00e1g v\u00e9delmez\u0151j\u00e9nek jelk\u00e9p\u00e9t haz\u00e1nk egyik leghitelesebb ember\u00e9t\u0151l megkapta. <\/p>\n","protected":false},"excerpt":{"rendered":"<p>&#8222;Magyarok Nagyasszonya k\u00f6ny\u00f6r\u00f6gj \u00e9rett\u00fcnk!&#8221; felirat\u00fa z\u00e1szl\u00f3t aj\u00e1nd\u00e9kozott Sz\u0171z M\u00e1ria Efezusi h\u00e1z\u00e1nak Wittner M\u00e1ria, a kaposf\u00fcredi h\u00e1zat gondoz\u00f3 Mindszenty J\u00f3zsef Kongreg\u00e1ci\u00f3nak. Az aj\u00e1nd\u00e9kot a kongreg\u00e1ci\u00f3 eln\u00f6ke Mez\u0151fi Zolt\u00e1n vette \u00e1t. Wittner [&hellip;]<\/p>\n","protected":false},"author":1,"featured_media":681,"comment_status":"open","ping_status":"open","sticky":false,"template":"","format":"standard","meta":{"_price":"","_stock":"","_tribe_ticket_header":"","_tribe_default_ticket_provider":"","_tribe_ticket_capacity":"0","_ticket_start_date":"","_ticket_end_date":"","_tribe_ticket_show_description":"","_tribe_ticket_show_not_going":false,"_tribe_ticket_use_global_stock":"","_tribe_ticket_global_stock_level":"","_global_stock_mode":"","_global_stock_cap":"","_tribe_rsvp_for_event":"","_tribe_ticket_going_count":"","_tribe_ticket_not_going_count":"","_tribe_tickets_list":"[]","_tribe_ticket_has_attendee_info_fields":false,"footnotes":""},"categories":[1],"tags":[],"class_list":["post-680","post","type-post","status-publish","format-standard","has-post-thumbnail","hentry","category-uncategorized"],"_links":{"self":[{"href":"https:\/\/mindszentykongregacio.hu\/wp\/wp-json\/wp\/v2\/posts\/680","targetHints":{"allow":["GET"]}}],"collection":[{"href":"https:\/\/mindszentykongregacio.hu\/wp\/wp-json\/wp\/v2\/posts"}],"about":[{"href":"https:\/\/mindszentykongregacio.hu\/wp\/wp-json\/wp\/v2\/types\/post"}],"author":[{"embeddable":true,"href":"https:\/\/mindszentykongregacio.hu\/wp\/wp-json\/wp\/v2\/users\/1"}],"replies":[{"embeddable":true,"href":"https:\/\/mindszentykongregacio.hu\/wp\/wp-json\/wp\/v2\/comments?post=680"}],"version-history":[{"count":1,"href":"https:\/\/mindszentykongregacio.hu\/wp\/wp-json\/wp\/v2\/posts\/680\/revisions"}],"predecessor-version":[{"id":682,"href":"https:\/\/mindszentykongregacio.hu\/wp\/wp-json\/wp\/v2\/posts\/680\/revisions\/682"}],"wp:featuredmedia":[{"embeddable":true,"href":"https:\/\/mindszentykongregacio.hu\/wp\/wp-json\/wp\/v2\/media\/681"}],"wp:attachment":[{"href":"https:\/\/mindszentykongregacio.hu\/wp\/wp-json\/wp\/v2\/media?parent=680"}],"wp:term":[{"taxonomy":"category","embeddable":true,"href":"https:\/\/mindszentykongregacio.hu\/wp\/wp-json\/wp\/v2\/categories?post=680"},{"taxonomy":"post_tag","embeddable":true,"href":"https:\/\/mindszentykongregacio.hu\/wp\/wp-json\/wp\/v2\/tags?post=680"}],"curies":[{"name":"wp","href":"https:\/\/api.w.org\/{rel}","templated":true}]}}