{"id":1231,"date":"2025-11-28T19:46:22","date_gmt":"2025-11-28T17:46:22","guid":{"rendered":"https:\/\/mindszentykongregacio.hu\/wp\/?p=1231"},"modified":"2025-11-28T19:46:23","modified_gmt":"2025-11-28T17:46:23","slug":"osszefogassal-megujult-a-ver-kapolna-harangtornya-kaposfureden-az-efezusi-haznal","status":"publish","type":"post","link":"https:\/\/mindszentykongregacio.hu\/wp\/2025\/11\/28\/osszefogassal-megujult-a-ver-kapolna-harangtornya-kaposfureden-az-efezusi-haznal\/","title":{"rendered":"\u00d6sszefog\u00e1ssal meg\u00fajult a V\u00e9r-k\u00e1polna harangtornya Kaposf\u00fcreden az Efezusi H\u00e1zn\u00e1l"},"content":{"rendered":"\n<p>Elk\u00e9sz\u00fclt a V\u00e9rk\u00e1polna harangtornya.<\/p>\n\n\n\n<p><a><\/a>Kaposf\u00fcredi szakemberek kivitelez\u00e9s\u00e9ben \u00e9s helyi v\u00e1llalkoz\u00f3k anyagi t\u00e1mogat\u00e1s\u00e1val renov\u00e1l\u00e1sra ker\u00fclt a M\u00e1ria H\u00e1z melletti \u00fa.n. V\u00e9rk\u00e1polna harangtornya.<\/p>\n\n\n\n<p>K\u00f6sz\u00f6nj\u00fck mindenkinek a sok munk\u00e1t, f\u00e1rads\u00e1got, anyagi \u00e1ldozatot!<\/p>\n\n\n\n<p>Mez\u0151fi Zolt\u00e1n<br>prior<\/p>\n\n\n\n<figure class=\"wp-block-gallery has-nested-images columns-default is-cropped wp-block-gallery-1 is-layout-flex wp-block-gallery-is-layout-flex\">\n<figure class=\"wp-block-image size-large\"><img loading=\"lazy\" decoding=\"async\" width=\"768\" height=\"1024\" data-id=\"1237\" src=\"https:\/\/mindszentykongregacio.hu\/wp\/wp-content\/uploads\/2025\/11\/IMG_0613-768x1024.jpeg\" alt=\"\" class=\"wp-image-1237\" srcset=\"https:\/\/mindszentykongregacio.hu\/wp\/wp-content\/uploads\/2025\/11\/IMG_0613-768x1024.jpeg 768w, https:\/\/mindszentykongregacio.hu\/wp\/wp-content\/uploads\/2025\/11\/IMG_0613-225x300.jpeg 225w, https:\/\/mindszentykongregacio.hu\/wp\/wp-content\/uploads\/2025\/11\/IMG_0613-1152x1536.jpeg 1152w, https:\/\/mindszentykongregacio.hu\/wp\/wp-content\/uploads\/2025\/11\/IMG_0613-1536x2048.jpeg 1536w, https:\/\/mindszentykongregacio.hu\/wp\/wp-content\/uploads\/2025\/11\/IMG_0613-scaled.jpeg 1920w\" sizes=\"auto, (max-width: 768px) 100vw, 768px\" \/><\/figure>\n\n\n\n<figure class=\"wp-block-image size-large\"><img loading=\"lazy\" decoding=\"async\" width=\"1024\" height=\"768\" data-id=\"1232\" src=\"https:\/\/mindszentykongregacio.hu\/wp\/wp-content\/uploads\/2025\/11\/IMG_0628-1024x768.jpeg\" alt=\"\" class=\"wp-image-1232\" srcset=\"https:\/\/mindszentykongregacio.hu\/wp\/wp-content\/uploads\/2025\/11\/IMG_0628-1024x768.jpeg 1024w, https:\/\/mindszentykongregacio.hu\/wp\/wp-content\/uploads\/2025\/11\/IMG_0628-300x225.jpeg 300w, https:\/\/mindszentykongregacio.hu\/wp\/wp-content\/uploads\/2025\/11\/IMG_0628-768x576.jpeg 768w, https:\/\/mindszentykongregacio.hu\/wp\/wp-content\/uploads\/2025\/11\/IMG_0628-1536x1152.jpeg 1536w, https:\/\/mindszentykongregacio.hu\/wp\/wp-content\/uploads\/2025\/11\/IMG_0628-2048x1536.jpeg 2048w\" sizes=\"auto, (max-width: 1024px) 100vw, 1024px\" \/><\/figure>\n\n\n\n<figure class=\"wp-block-image size-large\"><img loading=\"lazy\" decoding=\"async\" width=\"768\" height=\"1024\" data-id=\"1235\" src=\"https:\/\/mindszentykongregacio.hu\/wp\/wp-content\/uploads\/2025\/11\/IMG_0630-768x1024.jpeg\" alt=\"\" class=\"wp-image-1235\" srcset=\"https:\/\/mindszentykongregacio.hu\/wp\/wp-content\/uploads\/2025\/11\/IMG_0630-768x1024.jpeg 768w, https:\/\/mindszentykongregacio.hu\/wp\/wp-content\/uploads\/2025\/11\/IMG_0630-225x300.jpeg 225w, https:\/\/mindszentykongregacio.hu\/wp\/wp-content\/uploads\/2025\/11\/IMG_0630-1152x1536.jpeg 1152w, https:\/\/mindszentykongregacio.hu\/wp\/wp-content\/uploads\/2025\/11\/IMG_0630-1536x2048.jpeg 1536w, https:\/\/mindszentykongregacio.hu\/wp\/wp-content\/uploads\/2025\/11\/IMG_0630-scaled.jpeg 1920w\" sizes=\"auto, (max-width: 768px) 100vw, 768px\" \/><\/figure>\n\n\n\n<figure class=\"wp-block-image size-large\"><img loading=\"lazy\" decoding=\"async\" width=\"1024\" height=\"768\" data-id=\"1236\" src=\"https:\/\/mindszentykongregacio.hu\/wp\/wp-content\/uploads\/2025\/11\/IMG_0656-1024x768.jpeg\" alt=\"\" class=\"wp-image-1236\" srcset=\"https:\/\/mindszentykongregacio.hu\/wp\/wp-content\/uploads\/2025\/11\/IMG_0656-1024x768.jpeg 1024w, https:\/\/mindszentykongregacio.hu\/wp\/wp-content\/uploads\/2025\/11\/IMG_0656-300x225.jpeg 300w, https:\/\/mindszentykongregacio.hu\/wp\/wp-content\/uploads\/2025\/11\/IMG_0656-768x576.jpeg 768w, https:\/\/mindszentykongregacio.hu\/wp\/wp-content\/uploads\/2025\/11\/IMG_0656-1536x1152.jpeg 1536w, https:\/\/mindszentykongregacio.hu\/wp\/wp-content\/uploads\/2025\/11\/IMG_0656-2048x1536.jpeg 2048w\" sizes=\"auto, (max-width: 1024px) 100vw, 1024px\" \/><\/figure>\n\n\n\n<figure class=\"wp-block-image size-large\"><img loading=\"lazy\" decoding=\"async\" width=\"768\" height=\"1024\" data-id=\"1233\" src=\"https:\/\/mindszentykongregacio.hu\/wp\/wp-content\/uploads\/2025\/11\/IMG_0657-768x1024.jpeg\" alt=\"\" class=\"wp-image-1233\" srcset=\"https:\/\/mindszentykongregacio.hu\/wp\/wp-content\/uploads\/2025\/11\/IMG_0657-768x1024.jpeg 768w, https:\/\/mindszentykongregacio.hu\/wp\/wp-content\/uploads\/2025\/11\/IMG_0657-225x300.jpeg 225w, https:\/\/mindszentykongregacio.hu\/wp\/wp-content\/uploads\/2025\/11\/IMG_0657-1152x1536.jpeg 1152w, https:\/\/mindszentykongregacio.hu\/wp\/wp-content\/uploads\/2025\/11\/IMG_0657-1536x2048.jpeg 1536w, https:\/\/mindszentykongregacio.hu\/wp\/wp-content\/uploads\/2025\/11\/IMG_0657-scaled.jpeg 1920w\" sizes=\"auto, (max-width: 768px) 100vw, 768px\" \/><\/figure>\n\n\n\n<figure class=\"wp-block-image size-large\"><img loading=\"lazy\" decoding=\"async\" width=\"768\" height=\"1024\" data-id=\"1234\" src=\"https:\/\/mindszentykongregacio.hu\/wp\/wp-content\/uploads\/2025\/11\/IMG_0658-768x1024.jpeg\" alt=\"\" class=\"wp-image-1234\" srcset=\"https:\/\/mindszentykongregacio.hu\/wp\/wp-content\/uploads\/2025\/11\/IMG_0658-768x1024.jpeg 768w, https:\/\/mindszentykongregacio.hu\/wp\/wp-content\/uploads\/2025\/11\/IMG_0658-225x300.jpeg 225w, https:\/\/mindszentykongregacio.hu\/wp\/wp-content\/uploads\/2025\/11\/IMG_0658-1152x1536.jpeg 1152w, https:\/\/mindszentykongregacio.hu\/wp\/wp-content\/uploads\/2025\/11\/IMG_0658-1536x2048.jpeg 1536w, https:\/\/mindszentykongregacio.hu\/wp\/wp-content\/uploads\/2025\/11\/IMG_0658-scaled.jpeg 1920w\" sizes=\"auto, (max-width: 768px) 100vw, 768px\" \/><\/figure>\n<\/figure>\n","protected":false},"excerpt":{"rendered":"<p>Elk\u00e9sz\u00fclt a V\u00e9rk\u00e1polna harangtornya. Kaposf\u00fcredi szakemberek kivitelez\u00e9s\u00e9ben \u00e9s helyi v\u00e1llalkoz\u00f3k anyagi t\u00e1mogat\u00e1s\u00e1val renov\u00e1l\u00e1sra ker\u00fclt a M\u00e1ria H\u00e1z melletti \u00fa.n. V\u00e9rk\u00e1polna harangtornya. K\u00f6sz\u00f6nj\u00fck mindenkinek a sok munk\u00e1t, f\u00e1rads\u00e1got, anyagi \u00e1ldozatot! Mez\u0151fi [&hellip;]<\/p>\n","protected":false},"author":1,"featured_media":1235,"comment_status":"open","ping_status":"open","sticky":false,"template":"","format":"standard","meta":{"_price":"","_stock":"","_tribe_ticket_header":"","_tribe_default_ticket_provider":"","_tribe_ticket_capacity":"0","_ticket_start_date":"","_ticket_end_date":"","_tribe_ticket_show_description":"","_tribe_ticket_show_not_going":false,"_tribe_ticket_use_global_stock":"","_tribe_ticket_global_stock_level":"","_global_stock_mode":"","_global_stock_cap":"","_tribe_rsvp_for_event":"","_tribe_ticket_going_count":"","_tribe_ticket_not_going_count":"","_tribe_tickets_list":"[]","_tribe_ticket_has_attendee_info_fields":false,"footnotes":""},"categories":[1],"tags":[],"class_list":["post-1231","post","type-post","status-publish","format-standard","has-post-thumbnail","hentry","category-uncategorized"],"_links":{"self":[{"href":"https:\/\/mindszentykongregacio.hu\/wp\/wp-json\/wp\/v2\/posts\/1231","targetHints":{"allow":["GET"]}}],"collection":[{"href":"https:\/\/mindszentykongregacio.hu\/wp\/wp-json\/wp\/v2\/posts"}],"about":[{"href":"https:\/\/mindszentykongregacio.hu\/wp\/wp-json\/wp\/v2\/types\/post"}],"author":[{"embeddable":true,"href":"https:\/\/mindszentykongregacio.hu\/wp\/wp-json\/wp\/v2\/users\/1"}],"replies":[{"embeddable":true,"href":"https:\/\/mindszentykongregacio.hu\/wp\/wp-json\/wp\/v2\/comments?post=1231"}],"version-history":[{"count":1,"href":"https:\/\/mindszentykongregacio.hu\/wp\/wp-json\/wp\/v2\/posts\/1231\/revisions"}],"predecessor-version":[{"id":1238,"href":"https:\/\/mindszentykongregacio.hu\/wp\/wp-json\/wp\/v2\/posts\/1231\/revisions\/1238"}],"wp:featuredmedia":[{"embeddable":true,"href":"https:\/\/mindszentykongregacio.hu\/wp\/wp-json\/wp\/v2\/media\/1235"}],"wp:attachment":[{"href":"https:\/\/mindszentykongregacio.hu\/wp\/wp-json\/wp\/v2\/media?parent=1231"}],"wp:term":[{"taxonomy":"category","embeddable":true,"href":"https:\/\/mindszentykongregacio.hu\/wp\/wp-json\/wp\/v2\/categories?post=1231"},{"taxonomy":"post_tag","embeddable":true,"href":"https:\/\/mindszentykongregacio.hu\/wp\/wp-json\/wp\/v2\/tags?post=1231"}],"curies":[{"name":"wp","href":"https:\/\/api.w.org\/{rel}","templated":true}]}}