{"id":302,"date":"2018-01-06T22:55:38","date_gmt":"2018-01-06T20:55:38","guid":{"rendered":"http:\/\/mindszentykongregacio.hu\/wp\/?p=302"},"modified":"2018-01-06T22:55:38","modified_gmt":"2018-01-06T20:55:38","slug":"felajanlas-jezus-legszentebb-szivehez","status":"publish","type":"post","link":"http:\/\/mindszentykongregacio.hu\/wp\/2018\/01\/06\/felajanlas-jezus-legszentebb-szivehez\/","title":{"rendered":"Felaj\u00e1nl\u00e1s J\u00e9zus legszentebb Sz\u00edv\u00e9hez"},"content":{"rendered":"<p>K\u00f6sz\u00f6nj\u00fck mindazoknak, akik a mai napon J\u00e9zus megkeresztel\u00e9s\u00e9nek \u00fcnnep\u00e9n vel\u00fcnk voltak; im\u00e1ban, b\u00e9kess\u00e9gben, szeretetben egy\u00fctt t\u00f6lthett\u00fcnk el<br \/>\negy csod\u00e1latos d\u00e9lel\u0151tt\u00f6t. K\u00f6sz\u00f6nj\u00fck azoknak az im\u00e1it \u00e9s szeretet\u00e9t, akik t\u00e1volb\u00f3l, csak lelkileg tudtak vel\u00fcnk lenni.<\/p>\n<p><strong>Felaj\u00e1nl\u00e1s J\u00e9zus legszentebb Sz\u00edv\u00e9hez<\/strong><\/p>\n<p>Uram J\u00e9zus, az emberi nem Megv\u00e1lt\u00f3ja, tekints re\u00e1nk, akik olt\u00e1rod el\u0151tt al\u00e1zatosan leborulunk. Tieid vagyunk, tieid akarunk lenni. Hogy azonban szorosabban egyes\u00fclhess\u00fcnk veled, mindegyik\u00fcnk f\u00f6laj\u00e1nlja mag\u00e1t szents\u00e9ges Sz\u00edvednek. Sokan m\u00e9g nem ismertek meg, m\u00e1sok parancsaid megvetett\u00e9k \u00e9s eltasz\u00edtott\u00e1k magukt\u00f3l. K\u00f6ny\u00f6r\u00fclj mindezeken, j\u00f3s\u00e1gos J\u00e9zus, \u00e9s \u00f6leld valamennyit legszentebb Sz\u00edvedre. L\u00e9gy kir\u00e1lya, Urunk, nemcsak a h\u00edv\u0151knek, akik sohasem p\u00e1rtoltak el t\u0151led, hanem a t\u00e9kozl\u00f3 fi\u00faknak is, akik elhagytak. Add, hogy mihamarabb visszat\u00e9rjenek az atyai h\u00e1zba \u00e9s \u00e9hen-szomjon el ne pusztuljanak. L\u00e9gy kir\u00e1lya azoknak is, akik t\u00e9ved\u00e9s ejtett meg, vagy szakad\u00e1s v\u00e1lasztott el. H\u00edvd vissza \u0151ket az igazs\u00e1g szolg\u00e1lat\u00e1ra \u00e9s a hit egys\u00e9g\u00e9be, hogy r\u00f6videsen egy akol legyen \u00e9s egy p\u00e1sztor.<\/p>\n<p>Adj, Urunk, Egyh\u00e1zadnak biztos \u00e9s teljes szabads\u00e1got, minden n\u00e9pnek b\u00e9k\u00e9s \u00e9s rendet. Tedd, hogy az eg\u00e9sz f\u00f6ldkereks\u00e9g egy sz\u00f3zatt\u00f3l visszhangozz\u00e9k: K\u00f6sz\u00f6nts\u00fck az isteni Sz\u00edvet, amely \u00e1ltal \u00fcdv\u00f6ss\u00e9g\u00fcnk t\u00e1madt; dics\u00e9rtess\u00e9k \u00e9s \u00e1ldass\u00e9k mind\u00f6r\u00f6kk\u00e9. \u00c1men.<\/p>\n<p><em>(XIII. Le\u00f3 p\u00e1pa)<\/em><\/p>\n<p><img loading=\"lazy\" decoding=\"async\" class=\"alignnone size-thumbnail wp-image-303\" src=\"http:\/\/mindszentykongregacio.hu\/wp\/wp-content\/uploads\/2018\/01\/J\u00e9zus-Szents\u00e9ges-Sz\u00edve-150x150.jpg\" alt=\"\" width=\"150\" height=\"150\" \/><\/p>\n","protected":false},"excerpt":{"rendered":"<p>K\u00f6sz\u00f6nj\u00fck mindazoknak, akik a mai napon J\u00e9zus megkeresztel\u00e9s\u00e9nek \u00fcnnep\u00e9n vel\u00fcnk voltak; im\u00e1ban, b\u00e9kess\u00e9gben, szeretetben egy\u00fctt t\u00f6lthett\u00fcnk el egy csod\u00e1latos d\u00e9lel\u0151tt\u00f6t. K\u00f6sz\u00f6nj\u00fck azoknak az im\u00e1it \u00e9s szeretet\u00e9t, akik t\u00e1volb\u00f3l, csak lelkileg [&hellip;]<\/p>\n","protected":false},"author":1,"featured_media":303,"comment_status":"open","ping_status":"open","sticky":false,"template":"","format":"standard","meta":{"_price":"","_stock":"","_tribe_ticket_header":"","_tribe_default_ticket_provider":"","_tribe_ticket_capacity":"0","_ticket_start_date":"","_ticket_end_date":"","_tribe_ticket_show_description":"","_tribe_ticket_show_not_going":false,"_tribe_ticket_use_global_stock":"","_tribe_ticket_global_stock_level":"","_global_stock_mode":"","_global_stock_cap":"","_tribe_rsvp_for_event":"","_tribe_ticket_going_count":"","_tribe_ticket_not_going_count":"","_tribe_tickets_list":"[]","_tribe_ticket_has_attendee_info_fields":false,"footnotes":""},"categories":[1],"tags":[],"class_list":["post-302","post","type-post","status-publish","format-standard","has-post-thumbnail","hentry","category-uncategorized"],"_links":{"self":[{"href":"http:\/\/mindszentykongregacio.hu\/wp\/wp-json\/wp\/v2\/posts\/302","targetHints":{"allow":["GET"]}}],"collection":[{"href":"http:\/\/mindszentykongregacio.hu\/wp\/wp-json\/wp\/v2\/posts"}],"about":[{"href":"http:\/\/mindszentykongregacio.hu\/wp\/wp-json\/wp\/v2\/types\/post"}],"author":[{"embeddable":true,"href":"http:\/\/mindszentykongregacio.hu\/wp\/wp-json\/wp\/v2\/users\/1"}],"replies":[{"embeddable":true,"href":"http:\/\/mindszentykongregacio.hu\/wp\/wp-json\/wp\/v2\/comments?post=302"}],"version-history":[{"count":1,"href":"http:\/\/mindszentykongregacio.hu\/wp\/wp-json\/wp\/v2\/posts\/302\/revisions"}],"predecessor-version":[{"id":304,"href":"http:\/\/mindszentykongregacio.hu\/wp\/wp-json\/wp\/v2\/posts\/302\/revisions\/304"}],"wp:featuredmedia":[{"embeddable":true,"href":"http:\/\/mindszentykongregacio.hu\/wp\/wp-json\/wp\/v2\/media\/303"}],"wp:attachment":[{"href":"http:\/\/mindszentykongregacio.hu\/wp\/wp-json\/wp\/v2\/media?parent=302"}],"wp:term":[{"taxonomy":"category","embeddable":true,"href":"http:\/\/mindszentykongregacio.hu\/wp\/wp-json\/wp\/v2\/categories?post=302"},{"taxonomy":"post_tag","embeddable":true,"href":"http:\/\/mindszentykongregacio.hu\/wp\/wp-json\/wp\/v2\/tags?post=302"}],"curies":[{"name":"wp","href":"https:\/\/api.w.org\/{rel}","templated":true}]}}