{"id":123,"date":"2017-02-03T21:53:04","date_gmt":"2017-02-03T19:53:04","guid":{"rendered":"http:\/\/mindszentykongregacio.hu\/wp\/?p=123"},"modified":"2017-02-03T21:53:04","modified_gmt":"2017-02-03T19:53:04","slug":"egyutt-vagyunk-gyozni-fogunk","status":"publish","type":"post","link":"http:\/\/mindszentykongregacio.hu\/wp\/2017\/02\/03\/egyutt-vagyunk-gyozni-fogunk\/","title":{"rendered":"Egy\u00fctt vagyunk, gy\u0151zni fogunk!"},"content":{"rendered":"<p>A Mindszenty J\u00f3zsef Kongreg\u00e1ci\u00f3 2017. \u00e9vre hamarosan meghirdeti programjait az \u00f6sszefog\u00e1s, megb\u00e9k\u00e9l\u00e9s jegy\u00e9ben<br \/>\na h\u00e1tr\u00e1nyos helyzet\u0171, r\u00e1szorul\u00f3, f\u00fcgg\u0151s\u00e9gekben szenved\u0151 embert\u00e1rsaink megseg\u00edt\u00e9s\u00e9re. K\u00e9rj\u00fck k\u00eds\u00e9rje figyelemmel\u00a0 internetes \u00e9s Facebook oldalunkat!<\/p>\n<p>Mindszenty J\u00f3zsef Kongreg\u00e1ci\u00f3 Eln\u00f6ks\u00e9ge<\/p>\n<p>http:\/\/mindszentykongregacio.hu\/wp\/2017-programok\/<\/p>\n","protected":false},"excerpt":{"rendered":"<p>A Mindszenty J\u00f3zsef Kongreg\u00e1ci\u00f3 2017. \u00e9vre hamarosan meghirdeti programjait az \u00f6sszefog\u00e1s, megb\u00e9k\u00e9l\u00e9s jegy\u00e9ben a h\u00e1tr\u00e1nyos helyzet\u0171, r\u00e1szorul\u00f3, f\u00fcgg\u0151s\u00e9gekben szenved\u0151 embert\u00e1rsaink megseg\u00edt\u00e9s\u00e9re. K\u00e9rj\u00fck k\u00eds\u00e9rje figyelemmel\u00a0 internetes \u00e9s Facebook oldalunkat! Mindszenty J\u00f3zsef [&hellip;]<\/p>\n","protected":false},"author":1,"featured_media":124,"comment_status":"open","ping_status":"open","sticky":false,"template":"","format":"standard","meta":{"_price":"","_stock":"","_tribe_ticket_header":"","_tribe_default_ticket_provider":"","_tribe_ticket_capacity":"0","_ticket_start_date":"","_ticket_end_date":"","_tribe_ticket_show_description":"","_tribe_ticket_show_not_going":false,"_tribe_ticket_use_global_stock":"","_tribe_ticket_global_stock_level":"","_global_stock_mode":"","_global_stock_cap":"","_tribe_rsvp_for_event":"","_tribe_ticket_going_count":"","_tribe_ticket_not_going_count":"","_tribe_tickets_list":"[]","_tribe_ticket_has_attendee_info_fields":false,"footnotes":""},"categories":[5],"tags":[],"class_list":["post-123","post","type-post","status-publish","format-standard","has-post-thumbnail","hentry","category-5"],"_links":{"self":[{"href":"http:\/\/mindszentykongregacio.hu\/wp\/wp-json\/wp\/v2\/posts\/123","targetHints":{"allow":["GET"]}}],"collection":[{"href":"http:\/\/mindszentykongregacio.hu\/wp\/wp-json\/wp\/v2\/posts"}],"about":[{"href":"http:\/\/mindszentykongregacio.hu\/wp\/wp-json\/wp\/v2\/types\/post"}],"author":[{"embeddable":true,"href":"http:\/\/mindszentykongregacio.hu\/wp\/wp-json\/wp\/v2\/users\/1"}],"replies":[{"embeddable":true,"href":"http:\/\/mindszentykongregacio.hu\/wp\/wp-json\/wp\/v2\/comments?post=123"}],"version-history":[{"count":1,"href":"http:\/\/mindszentykongregacio.hu\/wp\/wp-json\/wp\/v2\/posts\/123\/revisions"}],"predecessor-version":[{"id":125,"href":"http:\/\/mindszentykongregacio.hu\/wp\/wp-json\/wp\/v2\/posts\/123\/revisions\/125"}],"wp:featuredmedia":[{"embeddable":true,"href":"http:\/\/mindszentykongregacio.hu\/wp\/wp-json\/wp\/v2\/media\/124"}],"wp:attachment":[{"href":"http:\/\/mindszentykongregacio.hu\/wp\/wp-json\/wp\/v2\/media?parent=123"}],"wp:term":[{"taxonomy":"category","embeddable":true,"href":"http:\/\/mindszentykongregacio.hu\/wp\/wp-json\/wp\/v2\/categories?post=123"},{"taxonomy":"post_tag","embeddable":true,"href":"http:\/\/mindszentykongregacio.hu\/wp\/wp-json\/wp\/v2\/tags?post=123"}],"curies":[{"name":"wp","href":"https:\/\/api.w.org\/{rel}","templated":true}]}}