{"id":1114,"date":"2025-01-07T21:23:34","date_gmt":"2025-01-07T19:23:34","guid":{"rendered":"https:\/\/mindszentykongregacio.hu\/wp\/?p=1114"},"modified":"2025-01-07T21:24:17","modified_gmt":"2025-01-07T19:24:17","slug":"tiszta-magyarorszagert-mozgalom","status":"publish","type":"post","link":"http:\/\/mindszentykongregacio.hu\/wp\/2025\/01\/07\/tiszta-magyarorszagert-mozgalom\/","title":{"rendered":"Tiszta Magyarorsz\u00e1g\u00e9rt Mozgalom"},"content":{"rendered":"\n<p>Efezusi M\u00e1ria H\u00e1za Kaposf\u00fcreden meghirdeti a Tiszta Magyarorsz\u00e1g\u00e9rt Mozgalmat.<\/p>\n\n\n\n<p class=\"has-text-align-left\">V\u00e1rjuk felekezett\u0151l f\u00fcggetlen minden embert\u00e1rsunk jelentkez\u00e9s\u00e9t, hogy Haz\u00e1nkat, a mai Magyarorsz\u00e1got ism\u00e9t naggy\u00e1 tegy\u00fck, kiz\u00e1r\u00f3lag felebar\u00e1ti szeretettel, \u00f6nk\u00e9ntes munk\u00e1val \u00e9s felaj\u00e1nl\u00e1ssal, mindenf\u00e9le politikai \u00e9s egyh\u00e1zi ir\u00e1nyvonal, befoly\u00e1sol\u00e1s, haszonszerz\u00e9s mell\u0151z\u00e9s\u00e9vel.<\/p>\n\n\n\n<p>A mozgalom c\u00e9lja, hogy k\u00f6zelebb hozzuk a magyarul \u00e9rt\u0151 \u00e9s magyars\u00e1gunkat igaz\u00e1n fontosnak tart\u00f3, azaz Magyarorsz\u00e1gon ad\u00f3z\u00f3, a k\u00f6zterhekhez hozz\u00e1j\u00e1rul\u00f3 felel\u0151s h\u00edv\u0151 vagy nem h\u00edv\u0151 embert\u00e1rsaink \u00f6sszekapcsol\u00e1sa, a v\u00e9lt vagy kre\u00e1lt ellent\u00e9tek megsz\u00fcntet\u00e9se kiz\u00e1r\u00f3lag egy c\u00e9l \u00e9rdek\u00e9ben: <br>a magyars\u00e1g csak akkor tudhat csak egy k\u00f6z\u00f6ss\u00e9get alkotni, ha nemzetben tudunk gondolkodni, nemzetben tudunk felel\u0151ss\u00e9get v\u00e1llalni, nemzetben tudunk konkr\u00e9ten egy\u00fctt m\u0171k\u00f6dni.<\/p>\n\n\n\n<p>Ideje lesz\u00e1molni a politikai \u00e9s egyh\u00e1zpolitikai haszonszerz\u0151kkel! <\/p>\n\n\n\n<p>Ha valaki t\u00e9nyleg tenni akar j\u00f6v\u0151nk\u00e9rt, nyelv\u00fcnk, kult\u00far\u00e1nk megmarad\u00e1s\u00e9\u00e9rt, csatlakozzon hozz\u00e1nk!<\/p>\n\n\n\n<p>Tov\u00e1bbi inform\u00e1ci\u00f3 hamarosan.<\/p>\n","protected":false},"excerpt":{"rendered":"<p>Efezusi M\u00e1ria H\u00e1za Kaposf\u00fcreden meghirdeti a Tiszta Magyarorsz\u00e1g\u00e9rt Mozgalmat. V\u00e1rjuk felekezett\u0151l f\u00fcggetlen minden embert\u00e1rsunk jelentkez\u00e9s\u00e9t, hogy Haz\u00e1nkat, a mai Magyarorsz\u00e1got ism\u00e9t naggy\u00e1 tegy\u00fck, kiz\u00e1r\u00f3lag felebar\u00e1ti szeretettel, \u00f6nk\u00e9ntes munk\u00e1val \u00e9s felaj\u00e1nl\u00e1ssal, [&hellip;]<\/p>\n","protected":false},"author":1,"featured_media":1116,"comment_status":"open","ping_status":"open","sticky":false,"template":"","format":"standard","meta":{"_price":"","_stock":"","_tribe_ticket_header":"","_tribe_default_ticket_provider":"","_tribe_ticket_capacity":"0","_ticket_start_date":"","_ticket_end_date":"","_tribe_ticket_show_description":"","_tribe_ticket_show_not_going":false,"_tribe_ticket_use_global_stock":"","_tribe_ticket_global_stock_level":"","_global_stock_mode":"","_global_stock_cap":"","_tribe_rsvp_for_event":"","_tribe_ticket_going_count":"","_tribe_ticket_not_going_count":"","_tribe_tickets_list":"[]","_tribe_ticket_has_attendee_info_fields":false,"footnotes":""},"categories":[1],"tags":[],"class_list":["post-1114","post","type-post","status-publish","format-standard","has-post-thumbnail","hentry","category-uncategorized"],"_links":{"self":[{"href":"http:\/\/mindszentykongregacio.hu\/wp\/wp-json\/wp\/v2\/posts\/1114","targetHints":{"allow":["GET"]}}],"collection":[{"href":"http:\/\/mindszentykongregacio.hu\/wp\/wp-json\/wp\/v2\/posts"}],"about":[{"href":"http:\/\/mindszentykongregacio.hu\/wp\/wp-json\/wp\/v2\/types\/post"}],"author":[{"embeddable":true,"href":"http:\/\/mindszentykongregacio.hu\/wp\/wp-json\/wp\/v2\/users\/1"}],"replies":[{"embeddable":true,"href":"http:\/\/mindszentykongregacio.hu\/wp\/wp-json\/wp\/v2\/comments?post=1114"}],"version-history":[{"count":1,"href":"http:\/\/mindszentykongregacio.hu\/wp\/wp-json\/wp\/v2\/posts\/1114\/revisions"}],"predecessor-version":[{"id":1115,"href":"http:\/\/mindszentykongregacio.hu\/wp\/wp-json\/wp\/v2\/posts\/1114\/revisions\/1115"}],"wp:featuredmedia":[{"embeddable":true,"href":"http:\/\/mindszentykongregacio.hu\/wp\/wp-json\/wp\/v2\/media\/1116"}],"wp:attachment":[{"href":"http:\/\/mindszentykongregacio.hu\/wp\/wp-json\/wp\/v2\/media?parent=1114"}],"wp:term":[{"taxonomy":"category","embeddable":true,"href":"http:\/\/mindszentykongregacio.hu\/wp\/wp-json\/wp\/v2\/categories?post=1114"},{"taxonomy":"post_tag","embeddable":true,"href":"http:\/\/mindszentykongregacio.hu\/wp\/wp-json\/wp\/v2\/tags?post=1114"}],"curies":[{"name":"wp","href":"https:\/\/api.w.org\/{rel}","templated":true}]}}