{"id":910,"global_id":"mindszentykongregacio.hu\/wp?id=910","global_id_lineage":["mindszentykongregacio.hu\/wp?id=910"],"author":"1","status":"publish","date":"2023-04-26 18:18:20","date_utc":"2023-04-26 16:18:20","modified":"2023-05-12 20:25:21","modified_utc":"2023-05-12 18:25:21","url":"http:\/\/mindszentykongregacio.hu\/wp\/event\/latinovits\/","rest_url":"http:\/\/mindszentykongregacio.hu\/wp\/wp-json\/tribe\/events\/v1\/events\/910","title":"Egy-\u00c9n-Is-\u00c9g \/ Latinovits Zolt\u00e1n eml\u00e9kest Kaposf\u00fcreden","description":"<p><strong>Sz\u0171z M\u00e1ria Efezusi H\u00e1z\u00e1n\u00e1l<\/strong> (Kaposf\u00fcred, \u00c1llom\u00e1s u. 61\/a) Latinovits Zolt\u00e1n eml\u00e9kestet szervez\u00fcnk.<\/p>\n<p>A verses, zen\u00e9s esten fell\u00e9pnek:<br \/>\n&#8211; <strong>Bencze Ilona<\/strong> sz\u00ednm\u0171v\u00e9sz, kiv\u00e1l\u00f3 m\u0171v\u00e9sz<br \/>\n&#8211; <strong>Trok\u00e1n P\u00e9ter<\/strong> sz\u00ednm\u0171v\u00e9sz, \u00e9rdemes m\u0171v\u00e9sz<br \/>\n&#8211; <strong>Heinczinger Mikl\u00f3s <\/strong>Liszt Ferenc-d\u00edjas el\u0151ad\u00f3m\u0171v\u00e9sz<br \/>\n&#8211; <strong>Tolcsvay B\u00e9la<\/strong> Kossuth-d\u00edjas zeneszerz\u0151<\/p>\n<p>Id\u0151pont: <strong>2023. j\u00falius 2.<\/strong> vas\u00e1rnap 16.00 \u00f3ra<\/p>\n<p>Korl\u00e1tozott f\u00e9r\u0151helyekre tekintettel k\u00e9rj\u00fck el\u0151zetesen regisztr\u00e1ljon az esem\u00e9nyre!<\/p>\n<p><strong><img loading=\"lazy\" decoding=\"async\" class=\"alignnone size-medium wp-image-921\" src=\"http:\/\/mindszentykongregacio.hu\/wp\/wp-content\/uploads\/2023\/04\/kaposfured-plakat2-252x300.jpg\" alt=\"\" width=\"252\" height=\"300\" srcset=\"http:\/\/mindszentykongregacio.hu\/wp\/wp-content\/uploads\/2023\/04\/kaposfured-plakat2-252x300.jpg 252w, http:\/\/mindszentykongregacio.hu\/wp\/wp-content\/uploads\/2023\/04\/kaposfured-plakat2-860x1024.jpg 860w, http:\/\/mindszentykongregacio.hu\/wp\/wp-content\/uploads\/2023\/04\/kaposfured-plakat2-768x915.jpg 768w, http:\/\/mindszentykongregacio.hu\/wp\/wp-content\/uploads\/2023\/04\/kaposfured-plakat2.jpg 1189w\" sizes=\"auto, (max-width: 252px) 100vw, 252px\" \/><\/strong><\/p>\n<p>&nbsp;<\/p>\n<p>&nbsp;<\/p>\n<p>&nbsp;<\/p>","excerpt":"","slug":"latinovits","image":{"url":"http:\/\/mindszentykongregacio.hu\/wp\/wp-content\/uploads\/2023\/04\/kaposfured-plakat2.jpg","id":921,"extension":"jpg","width":1189,"height":1416,"filesize":726222,"sizes":{"medium":{"width":252,"height":300,"mime-type":"image\/jpeg","filesize":19267,"url":"http:\/\/mindszentykongregacio.hu\/wp\/wp-content\/uploads\/2023\/04\/kaposfured-plakat2-252x300.jpg"},"large":{"width":860,"height":1024,"mime-type":"image\/jpeg","filesize":135868,"url":"http:\/\/mindszentykongregacio.hu\/wp\/wp-content\/uploads\/2023\/04\/kaposfured-plakat2-860x1024.jpg"},"thumbnail":{"width":150,"height":150,"mime-type":"image\/jpeg","filesize":7158,"url":"http:\/\/mindszentykongregacio.hu\/wp\/wp-content\/uploads\/2023\/04\/kaposfured-plakat2-150x150.jpg"},"medium_large":{"width":768,"height":915,"mime-type":"image\/jpeg","filesize":113815,"url":"http:\/\/mindszentykongregacio.hu\/wp\/wp-content\/uploads\/2023\/04\/kaposfured-plakat2-768x915.jpg"},"nitro-sq-thumb":{"width":600,"height":600,"mime-type":"image\/jpeg","filesize":70555,"url":"http:\/\/mindszentykongregacio.hu\/wp\/wp-content\/uploads\/2023\/04\/kaposfured-plakat2-600x600.jpg"},"nitro-overlap-thumb":{"width":670,"height":400,"mime-type":"image\/jpeg","filesize":55681,"url":"http:\/\/mindszentykongregacio.hu\/wp\/wp-content\/uploads\/2023\/04\/kaposfured-plakat2-670x400.jpg"},"nitro-pop-thumb":{"width":542,"height":340,"mime-type":"image\/jpeg","filesize":42190,"url":"http:\/\/mindszentykongregacio.hu\/wp\/wp-content\/uploads\/2023\/04\/kaposfured-plakat2-542x340.jpg"}}},"all_day":false,"start_date":"2023-07-02 16:00:00","start_date_details":{"year":"2023","month":"07","day":"02","hour":"16","minutes":"00","seconds":"00"},"end_date":"2023-07-02 17:00:00","end_date_details":{"year":"2023","month":"07","day":"02","hour":"17","minutes":"00","seconds":"00"},"utc_start_date":"2023-07-02 13:00:00","utc_start_date_details":{"year":"2023","month":"07","day":"02","hour":"13","minutes":"00","seconds":"00"},"utc_end_date":"2023-07-02 14:00:00","utc_end_date_details":{"year":"2023","month":"07","day":"02","hour":"14","minutes":"00","seconds":"00"},"timezone":"UTC+2","timezone_abbr":"UTC+2","cost":"","cost_details":{"currency_symbol":"","currency_code":"","currency_position":"","values":[]},"website":"","show_map":true,"show_map_link":true,"hide_from_listings":false,"sticky":true,"featured":true,"categories":[],"tags":[{"name":"Bencze Ilona","slug":"bencze-ilona","term_group":0,"term_taxonomy_id":46,"taxonomy":"post_tag","description":"","parent":0,"count":1,"filter":"raw","id":46,"urls":{"self":"http:\/\/mindszentykongregacio.hu\/wp\/wp-json\/tribe\/events\/v1\/tags\/46","collection":"http:\/\/mindszentykongregacio.hu\/wp\/wp-json\/tribe\/events\/v1\/tags"}},{"name":"Efezusi H\u00e1z Kaposf\u00fcreden","slug":"efezusi-haz-kaposfureden","term_group":0,"term_taxonomy_id":56,"taxonomy":"post_tag","description":"","parent":0,"count":1,"filter":"raw","id":56,"urls":{"self":"http:\/\/mindszentykongregacio.hu\/wp\/wp-json\/tribe\/events\/v1\/tags\/56","collection":"http:\/\/mindszentykongregacio.hu\/wp\/wp-json\/tribe\/events\/v1\/tags"}},{"name":"Heinszinger Mikl\u00f3s","slug":"heinszinger-miklos","term_group":0,"term_taxonomy_id":50,"taxonomy":"post_tag","description":"","parent":0,"count":1,"filter":"raw","id":50,"urls":{"self":"http:\/\/mindszentykongregacio.hu\/wp\/wp-json\/tribe\/events\/v1\/tags\/50","collection":"http:\/\/mindszentykongregacio.hu\/wp\/wp-json\/tribe\/events\/v1\/tags"}},{"name":"Kaposf\u00fcred","slug":"kaposfured","term_group":0,"term_taxonomy_id":54,"taxonomy":"post_tag","description":"","parent":0,"count":1,"filter":"raw","id":54,"urls":{"self":"http:\/\/mindszentykongregacio.hu\/wp\/wp-json\/tribe\/events\/v1\/tags\/54","collection":"http:\/\/mindszentykongregacio.hu\/wp\/wp-json\/tribe\/events\/v1\/tags"}},{"name":"Latinovits","slug":"latinovits","term_group":0,"term_taxonomy_id":44,"taxonomy":"post_tag","description":"","parent":0,"count":1,"filter":"raw","id":44,"urls":{"self":"http:\/\/mindszentykongregacio.hu\/wp\/wp-json\/tribe\/events\/v1\/tags\/44","collection":"http:\/\/mindszentykongregacio.hu\/wp\/wp-json\/tribe\/events\/v1\/tags"}},{"name":"Tolcsvay B\u00e9la","slug":"tolcsvay-bela","term_group":0,"term_taxonomy_id":52,"taxonomy":"post_tag","description":"","parent":0,"count":1,"filter":"raw","id":52,"urls":{"self":"http:\/\/mindszentykongregacio.hu\/wp\/wp-json\/tribe\/events\/v1\/tags\/52","collection":"http:\/\/mindszentykongregacio.hu\/wp\/wp-json\/tribe\/events\/v1\/tags"}},{"name":"Trok\u00e1n P\u00e9ter","slug":"trokan-peter","term_group":0,"term_taxonomy_id":48,"taxonomy":"post_tag","description":"","parent":0,"count":1,"filter":"raw","id":48,"urls":{"self":"http:\/\/mindszentykongregacio.hu\/wp\/wp-json\/tribe\/events\/v1\/tags\/48","collection":"http:\/\/mindszentykongregacio.hu\/wp\/wp-json\/tribe\/events\/v1\/tags"}}],"venue":{"id":789,"author":"1","status":"publish","date":"2021-07-04 20:31:23","date_utc":"2021-07-04 18:31:23","modified":"2021-07-04 20:31:23","modified_utc":"2021-07-04 18:31:23","url":"http:\/\/mindszentykongregacio.hu\/wp\/helyszin\/szuz-maria-efezusi-haza\/","venue":"Sz\u0171z M\u00e1ria Efezusi H\u00e1za","slug":"szuz-maria-efezusi-haza","address":"\u00c1llom\u00e1s utca 61\/a","city":"Kaposf\u00fcred","zip":"7400","website":"www.mariahaza.hu","json_ld":{"@type":"Place","name":"Sz\u0171z M\u00e1ria Efezusi H\u00e1za","description":"","url":"","address":{"@type":"PostalAddress","streetAddress":"\u00c1llom\u00e1s utca 61\/a","addressLocality":"Kaposf\u00fcred","postalCode":"7400"},"telephone":"","sameAs":"www.mariahaza.hu"},"show_map":true,"show_map_link":true,"global_id":"mindszentykongregacio.hu\/wp?id=789","global_id_lineage":["mindszentykongregacio.hu\/wp?id=789"]},"organizer":[],"custom_fields":[],"json_ld":{"@context":"http:\/\/schema.org","@type":"Event","name":"Egy-\u00c9n-Is-\u00c9g \/ Latinovits Zolt\u00e1n eml\u00e9kest Kaposf\u00fcreden","description":"&lt;p&gt;Sz\u0171z M\u00e1ria Efezusi H\u00e1z\u00e1n\u00e1l (Kaposf\u00fcred, \u00c1llom\u00e1s u. 61\/a) Latinovits Zolt\u00e1n eml\u00e9kestet szervez\u00fcnk. A verses, zen\u00e9s esten fell\u00e9pnek: - Bencze Ilona sz\u00ednm\u0171v\u00e9sz, kiv\u00e1l\u00f3 m\u0171v\u00e9sz - Trok\u00e1n P\u00e9ter sz\u00ednm\u0171v\u00e9sz, \u00e9rdemes m\u0171v\u00e9sz - [&hellip;]&lt;\/p&gt;\\n","image":"http:\/\/mindszentykongregacio.hu\/wp\/wp-content\/uploads\/2023\/04\/kaposfured-plakat2.jpg","url":"http:\/\/mindszentykongregacio.hu\/wp\/event\/latinovits\/","eventAttendanceMode":"https:\/\/schema.org\/OfflineEventAttendanceMode","eventStatus":"https:\/\/schema.org\/EventScheduled","startDate":"2023-07-02T16:00:00+02:00","endDate":"2023-07-02T17:00:00+02:00","location":{"@type":"Place","name":"Sz\u0171z M\u00e1ria Efezusi H\u00e1za","description":"","url":"","address":{"@type":"PostalAddress","streetAddress":"\u00c1llom\u00e1s utca 61\/a","addressLocality":"Kaposf\u00fcred","postalCode":"7400"},"telephone":"","sameAs":"www.mariahaza.hu"},"performer":"Organization"},"ticketed":false}